{"id":447,"date":"2017-09-16T19:52:15","date_gmt":"2017-09-16T19:52:15","guid":{"rendered":"https:\/\/infopoetique.ch\/?p=447"},"modified":"2017-09-16T19:52:15","modified_gmt":"2017-09-16T19:52:15","slug":"ma-fragilite","status":"publish","type":"post","link":"https:\/\/infopoetique.ch\/?p=447","title":{"rendered":"Ma fragilit\u00e9"},"content":{"rendered":"<p>Je suis un colis fragile<\/p>\n<p>A la poste, on m\u2019estampille<\/p>\n<p>Puis on me jette sur la pile<\/p>\n<p>Et les postiers voraces<\/p>\n<p>Jouent \u00e0 pile ou face<\/p>\n<p>&nbsp;<\/p>\n<p>Et me voil\u00e0 sur le charriot<\/p>\n<p>Juste devant moi un colis-v\u00e9lo<\/p>\n<p>Avec de forts c\u00f4t\u00e9s m\u00e9galos<\/p>\n<p>Il tire sans cesse sur un m\u00e9got<\/p>\n<p>On ne se voit plus \u00e0 deux m\u00e8tres<\/p>\n<p>\u00ab\u00a0Si je peux me permettre\u00a0\u00bb<\/p>\n<p>&nbsp;<\/p>\n<p>Dans ce flux incessant, j\u2019\u00e9touffe<\/p>\n<p>Et ce n\u2019est pas de l\u2019esbroufe<\/p>\n<p>Ma destination me m\u00e8ne tout de m\u00eame<\/p>\n<p>Au 19, avenue du Maine<\/p>\n<p>A c\u00f4t\u00e9 de la Tour Montparnasse<\/p>\n<p>O\u00f9 mon ombre se pr\u00e9lasse<\/p>\n<p>&nbsp;<\/p>\n<p>On m\u2019attouche, je vais porter plainte<\/p>\n<p>Mais je ne suis qu\u2019un petit colis<\/p>\n<p>Qu\u2019on porte sur l\u2019escalier en colima\u00e7on<\/p>\n<p>Que l\u2019on tra\u00eene ensuite \u00e0 l\u2019hame\u00e7on<\/p>\n<p>Pour me mettre en sc\u00e8ne<\/p>\n<p>Depuis les berges de la Seine<\/p>\n<p>&nbsp;<\/p>\n<p>Heureusement, que je ne coule<\/p>\n<p>M\u00eame si ma vie n\u2019est pas si cool<\/p>\n<p>J\u2019ai un peu le blues, j\u2019\u00e9coute de la soul<\/p>\n<p>Le soir, parfois je me saoule avec du mauvais vin<\/p>\n<p>&nbsp;<\/p>\n<p>Cependant, je recherche le divin<\/p>\n<p>Et faute de mieux pour l\u2019instant<\/p>\n<p>J\u2019ai trouv\u00e9 un confortable divan.<\/p>\n<p>&nbsp;<\/p>\n<p>C Copyright Jean-Luc Carrel, 28 mars 2017<\/p>\n","protected":false},"excerpt":{"rendered":"<p>Je suis un colis fragile A la poste, on m\u2019estampille Puis on me jette sur la pile Et les postiers voraces Jouent \u00e0 pile ou face &nbsp; Et me voil\u00e0 sur le charriot Juste devant moi un colis-v\u00e9lo Avec de forts c\u00f4t\u00e9s m\u00e9galos Il tire sans cesse sur un m\u00e9got On ne se voit plus &hellip; <a href=\"https:\/\/infopoetique.ch\/?p=447\" class=\"more-link\">Continuer la lecture de <span class=\"screen-reader-text\">Ma fragilit\u00e9<\/span> <span class=\"meta-nav\">&rarr;<\/span><\/a><\/p>\n","protected":false},"author":2,"featured_media":0,"comment_status":"open","ping_status":"open","sticky":false,"template":"","format":"standard","meta":{"footnotes":""},"categories":[1],"tags":[],"class_list":["post-447","post","type-post","status-publish","format-standard","hentry","category-non-classe"],"_links":{"self":[{"href":"https:\/\/infopoetique.ch\/index.php?rest_route=\/wp\/v2\/posts\/447"}],"collection":[{"href":"https:\/\/infopoetique.ch\/index.php?rest_route=\/wp\/v2\/posts"}],"about":[{"href":"https:\/\/infopoetique.ch\/index.php?rest_route=\/wp\/v2\/types\/post"}],"author":[{"embeddable":true,"href":"https:\/\/infopoetique.ch\/index.php?rest_route=\/wp\/v2\/users\/2"}],"replies":[{"embeddable":true,"href":"https:\/\/infopoetique.ch\/index.php?rest_route=%2Fwp%2Fv2%2Fcomments&post=447"}],"version-history":[{"count":1,"href":"https:\/\/infopoetique.ch\/index.php?rest_route=\/wp\/v2\/posts\/447\/revisions"}],"predecessor-version":[{"id":448,"href":"https:\/\/infopoetique.ch\/index.php?rest_route=\/wp\/v2\/posts\/447\/revisions\/448"}],"wp:attachment":[{"href":"https:\/\/infopoetique.ch\/index.php?rest_route=%2Fwp%2Fv2%2Fmedia&parent=447"}],"wp:term":[{"taxonomy":"category","embeddable":true,"href":"https:\/\/infopoetique.ch\/index.php?rest_route=%2Fwp%2Fv2%2Fcategories&post=447"},{"taxonomy":"post_tag","embeddable":true,"href":"https:\/\/infopoetique.ch\/index.php?rest_route=%2Fwp%2Fv2%2Ftags&post=447"}],"curies":[{"name":"wp","href":"https:\/\/api.w.org\/{rel}","templated":true}]}}