{"id":109,"date":"2011-12-10T20:58:21","date_gmt":"2011-12-10T20:58:21","guid":{"rendered":"https:\/\/infopoetique.ch\/?p=109"},"modified":"2011-12-10T20:59:26","modified_gmt":"2011-12-10T20:59:26","slug":"bravo-a-c-de-strasbourg","status":"publish","type":"post","link":"https:\/\/infopoetique.ch\/?p=109","title":{"rendered":"Bravo \u00e0 C de Strasbourg"},"content":{"rendered":"<p style=\"text-align: justify;\">Qui a trouv\u00e9 que le com\u00e9dien, po\u00e8te, chansonnier et animateur de radio \u00e9tait Francis Blanche. Elle gagne un cd de son choix, enfin presque. A part cela, Strasbourg est une tr\u00e8s belle ville, mais son march\u00e9 de No\u00ebl n&rsquo;est pas plus original que celui de Lausanne, Gen\u00e8ve ou Montreux. Service minimal ce jour sur le site, l&rsquo;animateur est fatigu\u00e9, mais \u00e0 des articles en pr\u00e9paration et attend toujours du reste les v\u00f4tres \u00e0 poster \u00e0 Shakti1957@hotmail.ch sous r\u00e9serve de ma commission de censure.<\/p>\n<p style=\"text-align: justify;\">Jean-Lucunpeufatigu\u00e9<\/p>\n","protected":false},"excerpt":{"rendered":"<p>Qui a trouv\u00e9 que le com\u00e9dien, po\u00e8te, chansonnier et animateur de radio \u00e9tait Francis Blanche. Elle gagne un cd de son choix, enfin presque. A part cela, Strasbourg est une tr\u00e8s belle ville, mais son march\u00e9 de No\u00ebl n&rsquo;est pas plus original que celui de Lausanne, Gen\u00e8ve ou Montreux. Service minimal ce jour sur le &hellip; <a href=\"https:\/\/infopoetique.ch\/?p=109\" class=\"more-link\">Continuer la lecture de <span class=\"screen-reader-text\">Bravo \u00e0 C de Strasbourg<\/span> <span class=\"meta-nav\">&rarr;<\/span><\/a><\/p>\n","protected":false},"author":2,"featured_media":0,"comment_status":"open","ping_status":"open","sticky":false,"template":"","format":"standard","meta":{"footnotes":""},"categories":[1],"tags":[],"class_list":["post-109","post","type-post","status-publish","format-standard","hentry","category-non-classe"],"_links":{"self":[{"href":"https:\/\/infopoetique.ch\/index.php?rest_route=\/wp\/v2\/posts\/109"}],"collection":[{"href":"https:\/\/infopoetique.ch\/index.php?rest_route=\/wp\/v2\/posts"}],"about":[{"href":"https:\/\/infopoetique.ch\/index.php?rest_route=\/wp\/v2\/types\/post"}],"author":[{"embeddable":true,"href":"https:\/\/infopoetique.ch\/index.php?rest_route=\/wp\/v2\/users\/2"}],"replies":[{"embeddable":true,"href":"https:\/\/infopoetique.ch\/index.php?rest_route=%2Fwp%2Fv2%2Fcomments&post=109"}],"version-history":[{"count":2,"href":"https:\/\/infopoetique.ch\/index.php?rest_route=\/wp\/v2\/posts\/109\/revisions"}],"predecessor-version":[{"id":120,"href":"https:\/\/infopoetique.ch\/index.php?rest_route=\/wp\/v2\/posts\/109\/revisions\/120"}],"wp:attachment":[{"href":"https:\/\/infopoetique.ch\/index.php?rest_route=%2Fwp%2Fv2%2Fmedia&parent=109"}],"wp:term":[{"taxonomy":"category","embeddable":true,"href":"https:\/\/infopoetique.ch\/index.php?rest_route=%2Fwp%2Fv2%2Fcategories&post=109"},{"taxonomy":"post_tag","embeddable":true,"href":"https:\/\/infopoetique.ch\/index.php?rest_route=%2Fwp%2Fv2%2Ftags&post=109"}],"curies":[{"name":"wp","href":"https:\/\/api.w.org\/{rel}","templated":true}]}}